{"id":4067,"date":"2023-05-16T12:50:23","date_gmt":"2023-05-16T10:50:23","guid":{"rendered":"http:\/\/msz.k-k.pl\/medyk\/?p=4067"},"modified":"2023-05-16T12:50:23","modified_gmt":"2023-05-16T10:50:23","slug":"fotorelacja-ze-swiatowego-dnia-zdrowia-ktory-odbyl-sie-15-kwietnia-2023-r-w-galerii-handlowej-odrzanskie-ogrody-pod-haslem-badz-zdrow","status":"publish","type":"post","link":"https:\/\/msz.k-k.pl\/medyk\/fotorelacja-ze-swiatowego-dnia-zdrowia-ktory-odbyl-sie-15-kwietnia-2023-r-w-galerii-handlowej-odrzanskie-ogrody-pod-haslem-badz-zdrow\/","title":{"rendered":"Fotorelacja ze \u015awiatowego Dnia Zdrowia, kt\u00f3ry odby\u0142 si\u0119 15 kwietnia 2023 r. w galerii handlowej Odrza\u0144skie Ogrody pod has\u0142em ,,B\u0105d\u017a zdr\u00f3w&#8221;."},"content":{"rendered":"\n\n\n","protected":false},"excerpt":{"rendered":"","protected":false},"author":1,"featured_media":0,"comment_status":"closed","ping_status":"closed","sticky":false,"template":"","format":"standard","meta":{"_acf_changed":false,"footnotes":""},"categories":[1],"tags":[],"class_list":["post-4067","post","type-post","status-publish","format-standard","hentry","category-bez-kategorii"],"acf":[],"_links":{"self":[{"href":"https:\/\/msz.k-k.pl\/medyk\/wp-json\/wp\/v2\/posts\/4067","targetHints":{"allow":["GET"]}}],"collection":[{"href":"https:\/\/msz.k-k.pl\/medyk\/wp-json\/wp\/v2\/posts"}],"about":[{"href":"https:\/\/msz.k-k.pl\/medyk\/wp-json\/wp\/v2\/types\/post"}],"author":[{"embeddable":true,"href":"https:\/\/msz.k-k.pl\/medyk\/wp-json\/wp\/v2\/users\/1"}],"replies":[{"embeddable":true,"href":"https:\/\/msz.k-k.pl\/medyk\/wp-json\/wp\/v2\/comments?post=4067"}],"version-history":[{"count":0,"href":"https:\/\/msz.k-k.pl\/medyk\/wp-json\/wp\/v2\/posts\/4067\/revisions"}],"wp:attachment":[{"href":"https:\/\/msz.k-k.pl\/medyk\/wp-json\/wp\/v2\/media?parent=4067"}],"wp:term":[{"taxonomy":"category","embeddable":true,"href":"https:\/\/msz.k-k.pl\/medyk\/wp-json\/wp\/v2\/categories?post=4067"},{"taxonomy":"post_tag","embeddable":true,"href":"https:\/\/msz.k-k.pl\/medyk\/wp-json\/wp\/v2\/tags?post=4067"}],"curies":[{"name":"wp","href":"https:\/\/api.w.org\/{rel}","templated":true}]}}