{"id":3449,"date":"2019-12-18T14:03:06","date_gmt":"2019-12-18T13:03:06","guid":{"rendered":"http:\/\/msz.k-k.pl\/medyk\/?p=3449"},"modified":"2024-06-19T14:58:55","modified_gmt":"2024-06-19T12:58:55","slug":"wycieczka-do-branic","status":"publish","type":"post","link":"https:\/\/msz.k-k.pl\/medyk\/wycieczka-do-branic\/","title":{"rendered":"Wycieczka do Branic"},"content":{"rendered":"<p>Wycieczka Do Branic.<\/p>\n<p>23 listopada 2019 r. odby\u0142a si\u0119 wycieczka dydaktyczna s\u0142uchaczy terapii zaj\u0119ciowej i opiekuna medycznego do Specjalistycznego Szpitala im. Ks. Biskupa J\u00f3zefa Nathana w Branicach.<br \/>\nCelem wyjazdu by\u0142o zwiedzanie Warsztat\u00f3w Terapii Zaj\u0119ciowej oraz Domu Pomocy Spo\u0142ecznej.<br \/>\nKierownik warsztat\u00f3w Pani Anna Dudziak rzeczowo i ciekawie zaprezentowa\u0142a uczestnikom wycieczki r\u00f3\u017cne formy pracy warsztat\u00f3w.<br \/>\nHistori\u0119 ponad 100-letniego szpitala psychiatrycznego przedstawi\u0142 dr B.Pospiszyl.<\/p>\n","protected":false},"excerpt":{"rendered":"<p>Wycieczka Do Branic. 23 listopada 2019 r. odby\u0142a si\u0119 wycieczka dydaktyczna s\u0142uchaczy terapii zaj\u0119ciowej i opiekuna medycznego do Specjalistycznego Szpitala im. Ks. Biskupa J\u00f3zefa Nathana w Branicach. Celem wyjazdu by\u0142o zwiedzanie Warsztat\u00f3w Terapii Zaj\u0119ciowej oraz Domu Pomocy Spo\u0142ecznej. Kierownik warsztat\u00f3w Pani Anna Dudziak rzeczowo i ciekawie zaprezentowa\u0142a uczestnikom wycieczki r\u00f3\u017cne formy pracy warsztat\u00f3w. Histori\u0119 ponad [&hellip;]<\/p>\n","protected":false},"author":1,"featured_media":3458,"comment_status":"closed","ping_status":"closed","sticky":false,"template":"","format":"standard","meta":{"_acf_changed":false,"footnotes":""},"categories":[1],"tags":[],"class_list":["post-3449","post","type-post","status-publish","format-standard","hentry","category-bez-kategorii"],"acf":[],"_links":{"self":[{"href":"https:\/\/msz.k-k.pl\/medyk\/wp-json\/wp\/v2\/posts\/3449","targetHints":{"allow":["GET"]}}],"collection":[{"href":"https:\/\/msz.k-k.pl\/medyk\/wp-json\/wp\/v2\/posts"}],"about":[{"href":"https:\/\/msz.k-k.pl\/medyk\/wp-json\/wp\/v2\/types\/post"}],"author":[{"embeddable":true,"href":"https:\/\/msz.k-k.pl\/medyk\/wp-json\/wp\/v2\/users\/1"}],"replies":[{"embeddable":true,"href":"https:\/\/msz.k-k.pl\/medyk\/wp-json\/wp\/v2\/comments?post=3449"}],"version-history":[{"count":1,"href":"https:\/\/msz.k-k.pl\/medyk\/wp-json\/wp\/v2\/posts\/3449\/revisions"}],"predecessor-version":[{"id":5374,"href":"https:\/\/msz.k-k.pl\/medyk\/wp-json\/wp\/v2\/posts\/3449\/revisions\/5374"}],"wp:featuredmedia":[{"embeddable":true,"href":"https:\/\/msz.k-k.pl\/medyk\/wp-json\/"}],"wp:attachment":[{"href":"https:\/\/msz.k-k.pl\/medyk\/wp-json\/wp\/v2\/media?parent=3449"}],"wp:term":[{"taxonomy":"category","embeddable":true,"href":"https:\/\/msz.k-k.pl\/medyk\/wp-json\/wp\/v2\/categories?post=3449"},{"taxonomy":"post_tag","embeddable":true,"href":"https:\/\/msz.k-k.pl\/medyk\/wp-json\/wp\/v2\/tags?post=3449"}],"curies":[{"name":"wp","href":"https:\/\/api.w.org\/{rel}","templated":true}]}}